{"id":54665,"date":"2026-09-03T09:26:44","date_gmt":"2026-09-03T07:26:44","guid":{"rendered":"https:\/\/orka.law\/?p=54665"},"modified":"2026-09-03T09:32:57","modified_gmt":"2026-09-03T07:32:57","slug":"focus-zeichnet-orka-erneut-als-top-wirtschaftskanzlei-2026-aus","status":"publish","type":"post","link":"https:\/\/orka.law\/en\/focus-zeichnet-orka-erneut-als-top-wirtschaftskanzlei-2026-aus\/","title":{"rendered":"Focus zeichnet orka erneut als \u201eTop-Wirtschaftskanzlei 2026\u201c aus"},"content":{"rendered":"\t\t<div data-elementor-type=\"wp-post\" data-elementor-id=\"54665\" class=\"elementor elementor-54665\" data-elementor-post-type=\"post\">\n\t\t\t\t<div class=\"elementor-element elementor-element-3ff0c5f e-con-full e-flex e-con e-parent\" data-id=\"3ff0c5f\" data-element_type=\"container\" data-e-type=\"container\">\n\t\t\t\t<div class=\"elementor-element elementor-element-3d05cb0 elementor-widget elementor-widget-heading\" data-id=\"3d05cb0\" data-element_type=\"widget\" data-e-type=\"widget\" data-widget_type=\"heading.default\">\n\t\t\t\t<div class=\"elementor-widget-container\">\n\t\t\t\t\t<h1 class=\"elementor-heading-title elementor-size-default\">Focus zeichnet orka erneut als \u201eTop-Wirtschaftskanzlei 2026\u201c aus\n<\/h1>\t\t\t\t<\/div>\n\t\t\t\t<\/div>\n\t\t\t\t<\/div>\n\t\t<div class=\"elementor-element elementor-element-424a483 e-con-full e-flex e-con e-parent\" data-id=\"424a483\" data-element_type=\"container\" data-e-type=\"container\">\n\t\t<div class=\"elementor-element elementor-element-7378c0d e-con-full e-flex e-con e-child\" data-id=\"7378c0d\" data-element_type=\"container\" data-e-type=\"container\">\n\t\t\t\t<\/div>\n\t\t<div class=\"elementor-element elementor-element-0f03b62 e-con-full e-flex e-con e-child\" data-id=\"0f03b62\" data-element_type=\"container\" data-e-type=\"container\">\n\t\t\t\t<div class=\"elementor-element elementor-element-095c24e elementor-widget elementor-widget-text-editor\" data-id=\"095c24e\" data-element_type=\"widget\" data-e-type=\"widget\" data-widget_type=\"text-editor.default\">\n\t\t\t\t<div class=\"elementor-widget-container\">\n\t\t\t\t\t\t\t\t\t<p><strong>D\u00fcsseldorf\/Berlin, 03. September 2026<\/strong><\/p>\t\t\t\t\t\t\t\t<\/div>\n\t\t\t\t<\/div>\n\t\t\t\t<div class=\"elementor-element elementor-element-210cdec elementor-widget elementor-widget-text-editor\" data-id=\"210cdec\" data-element_type=\"widget\" data-e-type=\"widget\" data-widget_type=\"text-editor.default\">\n\t\t\t\t<div class=\"elementor-widget-container\">\n\t\t\t\t\t\t\t\t\t<div class=\"news-text\"><p>Das Focus Magazin zeichnet orka erneut als \u201eTop-Wirtschaftskanzlei\u201c aus. In den Rechtsbereichen Arbeitsrecht, Baurecht, Gesellschaftsrecht, Handel, IT &amp; TK, Litigation &amp; Schiedsverfahren, Markenrecht und Mergers &amp; Acquisitions konnte die Kanzlei \u00fcberzeugen.<\/p><p>Die Kanzlei freut sich \u00fcber die Auszeichnung und bedankt sich bei allen Kolleginnen und Kollegen, die orka empfohlen haben.<\/p><p>Die Auswahl der \u201eTop-Wirtschaftskanzleien 2026\u201c basiert auf den Empfehlungen von Anw\u00e4lten aus Wirtschaftskanzleien sowie aus Rechtsabteilungen von Unternehmen. Insgesamt wurden f\u00fcr die Befragung rund 15.000 Anw\u00e4lte und 11.000 Unternehmensjuristen eingeladen, besonders empfehlenswerte Wirtschaftskanzleien in 24 Rechtsgebieten zu nennen. Durchgef\u00fchrt wurde die Umfrage in Kooperation mit Fact Field.<\/p><\/div>\t\t\t\t\t\t\t\t<\/div>\n\t\t\t\t<\/div>\n\t\t\t\t<\/div>\n\t\t\t\t<\/div>\n\t\t<div class=\"elementor-element elementor-element-a371831 e-con-full e-flex e-con e-parent\" data-id=\"a371831\" data-element_type=\"container\" data-e-type=\"container\">\n\t\t<div class=\"elementor-element elementor-element-aba73ec e-con-full e-flex e-con e-child\" data-id=\"aba73ec\" data-element_type=\"container\" data-e-type=\"container\">\n\t\t\t\t<div class=\"elementor-element elementor-element-8efe946 elementor-widget elementor-widget-heading\" data-id=\"8efe946\" data-element_type=\"widget\" data-e-type=\"widget\" data-widget_type=\"heading.default\">\n\t\t\t\t<div class=\"elementor-widget-container\">\n\t\t\t\t\t<h6 class=\"elementor-heading-title elementor-size-default\">KONTAKT<\/h6>\t\t\t\t<\/div>\n\t\t\t\t<\/div>\n\t\t\t\t<\/div>\n\t\t<div class=\"elementor-element elementor-element-7f89612 e-con-full e-flex e-con e-child\" data-id=\"7f89612\" data-element_type=\"container\" data-e-type=\"container\">\n\t\t<div class=\"elementor-element elementor-element-bdad863 e-con-full e-flex e-con e-child\" data-id=\"bdad863\" data-element_type=\"container\" data-e-type=\"container\">\n\t\t\t\t<div class=\"elementor-element elementor-element-3185023 elementor-widget elementor-widget-heading\" data-id=\"3185023\" data-element_type=\"widget\" data-e-type=\"widget\" data-widget_type=\"heading.default\">\n\t\t\t\t<div class=\"elementor-widget-container\">\n\t\t\t\t\t<h1 class=\"elementor-heading-title elementor-size-default\">On Demand.<br>\nOn Point.<\/h1>\t\t\t\t<\/div>\n\t\t\t\t<\/div>\n\t\t\t\t<div class=\"elementor-element elementor-element-1ab50a9 elementor-widget elementor-widget-text-editor\" data-id=\"1ab50a9\" data-element_type=\"widget\" data-e-type=\"widget\" data-widget_type=\"text-editor.default\">\n\t\t\t\t<div class=\"elementor-widget-container\">\n\t\t\t\t\t\t\t\t\t<p><strong>Dominic U. Krohne<\/strong><br \/>Director Business Development &amp; Strategy<\/p><p>T <strong>+49 211 60035-576<\/strong><\/p><p><a style=\"color: #cd1619;\">\u25b8<\/a> <a href=\"mailto:dominic.krohne@orka.law\">dominic.krohne@orka.law<\/a><\/p>\t\t\t\t\t\t\t\t<\/div>\n\t\t\t\t<\/div>\n\t\t\t\t<\/div>\n\t\t<div class=\"elementor-element elementor-element-c2795e2 e-con-full e-flex e-con e-child\" data-id=\"c2795e2\" data-element_type=\"container\" data-e-type=\"container\">\n\t\t\t\t<div class=\"elementor-element elementor-element-5ebea70 elementor-hidden-mobile elementor-widget elementor-widget-image\" data-id=\"5ebea70\" data-element_type=\"widget\" data-e-type=\"widget\" data-widget_type=\"image.default\">\n\t\t\t\t<div class=\"elementor-widget-container\">\n\t\t\t\t\t\t\t\t\t\t\t\t\t\t\t<img fetchpriority=\"high\" decoding=\"async\" width=\"480\" height=\"480\" src=\"https:\/\/orka.law\/wp-content\/uploads\/2024\/07\/Krohne-Dominic-480x480-1.jpg\" class=\"attachment-large size-large wp-image-17414\" alt=\"\" srcset=\"https:\/\/orka.law\/wp-content\/uploads\/2024\/07\/Krohne-Dominic-480x480-1.jpg 480w, https:\/\/orka.law\/wp-content\/uploads\/2024\/07\/Krohne-Dominic-480x480-1-300x300.jpg 300w, https:\/\/orka.law\/wp-content\/uploads\/2024\/07\/Krohne-Dominic-480x480-1-150x150.jpg 150w, https:\/\/orka.law\/wp-content\/uploads\/2024\/07\/Krohne-Dominic-480x480-1-75x75.jpg 75w\" sizes=\"(max-width:767px) 480px, 480px\" \/>\t\t\t\t\t\t\t\t\t\t\t\t\t\t\t<\/div>\n\t\t\t\t<\/div>\n\t\t\t\t<div class=\"elementor-element elementor-element-cbdf255 elementor-hidden-desktop elementor-hidden-tablet elementor-widget elementor-widget-image\" data-id=\"cbdf255\" data-element_type=\"widget\" data-e-type=\"widget\" data-widget_type=\"image.default\">\n\t\t\t\t<div class=\"elementor-widget-container\">\n\t\t\t\t\t\t\t\t\t\t\t\t\t\t\t<img fetchpriority=\"high\" decoding=\"async\" width=\"480\" height=\"480\" src=\"https:\/\/orka.law\/wp-content\/uploads\/2024\/07\/Krohne-Dominic-480x480-1.jpg\" class=\"attachment-large size-large wp-image-17414\" alt=\"\" srcset=\"https:\/\/orka.law\/wp-content\/uploads\/2024\/07\/Krohne-Dominic-480x480-1.jpg 480w, https:\/\/orka.law\/wp-content\/uploads\/2024\/07\/Krohne-Dominic-480x480-1-300x300.jpg 300w, https:\/\/orka.law\/wp-content\/uploads\/2024\/07\/Krohne-Dominic-480x480-1-150x150.jpg 150w, https:\/\/orka.law\/wp-content\/uploads\/2024\/07\/Krohne-Dominic-480x480-1-75x75.jpg 75w\" sizes=\"(max-width:767px) 480px, 480px\" \/>\t\t\t\t\t\t\t\t\t\t\t\t\t\t\t<\/div>\n\t\t\t\t<\/div>\n\t\t\t\t<\/div>\n\t\t\t\t<\/div>\n\t\t\t\t<\/div>\n\t\t\t\t<\/div>\n\t\t","protected":false},"excerpt":{"rendered":"<p>Focus zeichnet orka erneut als \u201eTop-Wirtschaftskanzlei 2026\u201c aus D\u00fcsseldorf\/Berlin, 03. September 2026 Das Focus Magazin zeichnet orka erneut als \u201eTop-Wirtschaftskanzlei\u201c aus. In den Rechtsbereichen Arbeitsrecht, Baurecht,<span class=\"excerpt-hellip\"> [\u2026]<\/span><\/p>\n","protected":false},"author":11,"featured_media":0,"comment_status":"open","ping_status":"open","sticky":false,"template":"","format":"standard","meta":{"footnotes":""},"categories":[11,61],"tags":[],"class_list":["post-54665","post","type-post","status-publish","format-standard","hentry","category-news","category-presse"],"yoast_head":"<!-- This site is optimized with the Yoast SEO plugin v28.3 - https:\/\/yoast.com\/product\/yoast-seo-wordpress\/ -->\n<title>| orka<\/title>\n<meta name=\"robots\" content=\"index, follow, max-snippet:-1, max-image-preview:large, max-video-preview:-1\" \/>\n<link rel=\"canonical\" href=\"https:\/\/orka.law\/en\/focus-zeichnet-orka-erneut-als-top-wirtschaftskanzlei-2026-aus\/\" \/>\n<meta property=\"og:locale\" content=\"en_US\" \/>\n<meta property=\"og:type\" content=\"article\" \/>\n<meta property=\"og:title\" content=\"| orka\" \/>\n<meta property=\"og:description\" content=\"Focus zeichnet orka erneut als \u201eTop-Wirtschaftskanzlei 2026\u201c aus D\u00fcsseldorf\/Berlin, 03. September 2026 Das Focus Magazin zeichnet orka erneut als \u201eTop-Wirtschaftskanzlei\u201c aus. In den Rechtsbereichen Arbeitsrecht, Baurecht, [\u2026]\" \/>\n<meta property=\"og:url\" content=\"https:\/\/orka.law\/en\/focus-zeichnet-orka-erneut-als-top-wirtschaftskanzlei-2026-aus\/\" \/>\n<meta property=\"og:site_name\" content=\"orka\" \/>\n<meta property=\"article:published_time\" content=\"2026-09-03T07:26:44+00:00\" \/>\n<meta property=\"article:modified_time\" content=\"2026-09-03T07:32:57+00:00\" \/>\n<meta property=\"og:image\" content=\"https:\/\/orka.law\/wp-content\/uploads\/2024\/07\/Krohne-Dominic-480x480-1.jpg\" \/>\n\t<meta property=\"og:image:width\" content=\"480\" \/>\n\t<meta property=\"og:image:height\" content=\"480\" \/>\n\t<meta property=\"og:image:type\" content=\"image\/webp\" \/>\n<meta name=\"author\" content=\"Ilayda Etiz\" \/>\n<meta name=\"twitter:card\" content=\"summary_large_image\" \/>\n<meta name=\"twitter:label1\" content=\"Written by\" \/>\n\t<meta name=\"twitter:data1\" content=\"Ilayda Etiz\" \/>\n\t<meta name=\"twitter:label2\" content=\"Est. reading time\" \/>\n\t<meta name=\"twitter:data2\" content=\"2 minutes\" \/>\n<script type=\"application\/ld+json\" class=\"yoast-schema-graph\">{\"@context\":\"https:\\\/\\\/schema.org\",\"@graph\":[{\"@type\":\"Article\",\"@id\":\"https:\\\/\\\/orka.law\\\/en\\\/focus-zeichnet-orka-erneut-als-top-wirtschaftskanzlei-2026-aus\\\/#article\",\"isPartOf\":{\"@id\":\"https:\\\/\\\/orka.law\\\/en\\\/focus-zeichnet-orka-erneut-als-top-wirtschaftskanzlei-2026-aus\\\/\"},\"author\":{\"name\":\"Ilayda Etiz\",\"@id\":\"https:\\\/\\\/orka.law\\\/en\\\/#\\\/schema\\\/person\\\/35fd28a0e3c68dd8f4e0945ff46ca0dd\"},\"headline\":\"Focus zeichnet orka erneut als \u201eTop-Wirtschaftskanzlei 2026\u201c aus\",\"datePublished\":\"2026-09-03T07:26:44+00:00\",\"dateModified\":\"2026-09-03T07:32:57+00:00\",\"mainEntityOfPage\":{\"@id\":\"https:\\\/\\\/orka.law\\\/en\\\/focus-zeichnet-orka-erneut-als-top-wirtschaftskanzlei-2026-aus\\\/\"},\"wordCount\":134,\"commentCount\":0,\"publisher\":{\"@id\":\"https:\\\/\\\/orka.law\\\/en\\\/#organization\"},\"image\":{\"@id\":\"https:\\\/\\\/orka.law\\\/en\\\/focus-zeichnet-orka-erneut-als-top-wirtschaftskanzlei-2026-aus\\\/#primaryimage\"},\"thumbnailUrl\":\"https:\\\/\\\/orka.law\\\/wp-content\\\/uploads\\\/2024\\\/07\\\/Krohne-Dominic-480x480-1.jpg\",\"articleSection\":[\"News\",\"Presse\"],\"inLanguage\":\"en-US\",\"potentialAction\":[{\"@type\":\"CommentAction\",\"name\":\"Comment\",\"target\":[\"https:\\\/\\\/orka.law\\\/en\\\/focus-zeichnet-orka-erneut-als-top-wirtschaftskanzlei-2026-aus\\\/#respond\"]}]},{\"@type\":\"WebPage\",\"@id\":\"https:\\\/\\\/orka.law\\\/en\\\/focus-zeichnet-orka-erneut-als-top-wirtschaftskanzlei-2026-aus\\\/\",\"url\":\"https:\\\/\\\/orka.law\\\/en\\\/focus-zeichnet-orka-erneut-als-top-wirtschaftskanzlei-2026-aus\\\/\",\"name\":\"| orka\",\"isPartOf\":{\"@id\":\"https:\\\/\\\/orka.law\\\/en\\\/#website\"},\"primaryImageOfPage\":{\"@id\":\"https:\\\/\\\/orka.law\\\/en\\\/focus-zeichnet-orka-erneut-als-top-wirtschaftskanzlei-2026-aus\\\/#primaryimage\"},\"image\":{\"@id\":\"https:\\\/\\\/orka.law\\\/en\\\/focus-zeichnet-orka-erneut-als-top-wirtschaftskanzlei-2026-aus\\\/#primaryimage\"},\"thumbnailUrl\":\"https:\\\/\\\/orka.law\\\/wp-content\\\/uploads\\\/2024\\\/07\\\/Krohne-Dominic-480x480-1.jpg\",\"datePublished\":\"2026-09-03T07:26:44+00:00\",\"dateModified\":\"2026-09-03T07:32:57+00:00\",\"breadcrumb\":{\"@id\":\"https:\\\/\\\/orka.law\\\/en\\\/focus-zeichnet-orka-erneut-als-top-wirtschaftskanzlei-2026-aus\\\/#breadcrumb\"},\"inLanguage\":\"en-US\",\"potentialAction\":[{\"@type\":\"ReadAction\",\"target\":[\"https:\\\/\\\/orka.law\\\/en\\\/focus-zeichnet-orka-erneut-als-top-wirtschaftskanzlei-2026-aus\\\/\"]}]},{\"@type\":\"ImageObject\",\"inLanguage\":\"en-US\",\"@id\":\"https:\\\/\\\/orka.law\\\/en\\\/focus-zeichnet-orka-erneut-als-top-wirtschaftskanzlei-2026-aus\\\/#primaryimage\",\"url\":\"https:\\\/\\\/orka.law\\\/wp-content\\\/uploads\\\/2024\\\/07\\\/Krohne-Dominic-480x480-1.jpg\",\"contentUrl\":\"https:\\\/\\\/orka.law\\\/wp-content\\\/uploads\\\/2024\\\/07\\\/Krohne-Dominic-480x480-1.jpg\"},{\"@type\":\"BreadcrumbList\",\"@id\":\"https:\\\/\\\/orka.law\\\/en\\\/focus-zeichnet-orka-erneut-als-top-wirtschaftskanzlei-2026-aus\\\/#breadcrumb\",\"itemListElement\":[{\"@type\":\"ListItem\",\"position\":1,\"name\":\"Startseite\",\"item\":\"https:\\\/\\\/orka.law\\\/en\\\/\"},{\"@type\":\"ListItem\",\"position\":2,\"name\":\"Focus zeichnet orka erneut als \u201eTop-Wirtschaftskanzlei 2026\u201c aus\"}]},{\"@type\":\"WebSite\",\"@id\":\"https:\\\/\\\/orka.law\\\/en\\\/#website\",\"url\":\"https:\\\/\\\/orka.law\\\/en\\\/\",\"name\":\"orka\",\"description\":\"Partnerschaft mbB\",\"publisher\":{\"@id\":\"https:\\\/\\\/orka.law\\\/en\\\/#organization\"},\"potentialAction\":[{\"@type\":\"SearchAction\",\"target\":{\"@type\":\"EntryPoint\",\"urlTemplate\":\"https:\\\/\\\/orka.law\\\/en\\\/?s={search_term_string}\"},\"query-input\":{\"@type\":\"PropertyValueSpecification\",\"valueRequired\":true,\"valueName\":\"search_term_string\"}}],\"inLanguage\":\"en-US\"},{\"@type\":\"Organization\",\"@id\":\"https:\\\/\\\/orka.law\\\/en\\\/#organization\",\"name\":\"orka Partnerschaft mbB\",\"alternateName\":\"orka\",\"url\":\"https:\\\/\\\/orka.law\\\/en\\\/\",\"logo\":{\"@type\":\"ImageObject\",\"inLanguage\":\"en-US\",\"@id\":\"https:\\\/\\\/orka.law\\\/en\\\/#\\\/schema\\\/logo\\\/image\\\/\",\"url\":\"https:\\\/\\\/orka.law\\\/wp-content\\\/uploads\\\/2024\\\/08\\\/video-bg-1.webp\",\"contentUrl\":\"https:\\\/\\\/orka.law\\\/wp-content\\\/uploads\\\/2024\\\/08\\\/video-bg-1.webp\",\"width\":1280,\"height\":720,\"caption\":\"orka Partnerschaft mbB\"},\"image\":{\"@id\":\"https:\\\/\\\/orka.law\\\/en\\\/#\\\/schema\\\/logo\\\/image\\\/\"}},{\"@type\":\"Person\",\"@id\":\"https:\\\/\\\/orka.law\\\/en\\\/#\\\/schema\\\/person\\\/35fd28a0e3c68dd8f4e0945ff46ca0dd\",\"name\":\"Ilayda Etiz\",\"image\":{\"@type\":\"ImageObject\",\"inLanguage\":\"en-US\",\"@id\":\"https:\\\/\\\/secure.gravatar.com\\\/avatar\\\/d2709ea22f1926c6ff8580ae3b61d59796ad2ae52179dd7a919fd6dffcb92ff3?s=96&d=mm&r=g\",\"url\":\"https:\\\/\\\/secure.gravatar.com\\\/avatar\\\/d2709ea22f1926c6ff8580ae3b61d59796ad2ae52179dd7a919fd6dffcb92ff3?s=96&d=mm&r=g\",\"contentUrl\":\"https:\\\/\\\/secure.gravatar.com\\\/avatar\\\/d2709ea22f1926c6ff8580ae3b61d59796ad2ae52179dd7a919fd6dffcb92ff3?s=96&d=mm&r=g\",\"caption\":\"Ilayda Etiz\"}}]}<\/script>\n<!-- \/ Yoast SEO plugin. -->","yoast_head_json":{"title":"| orka","robots":{"index":"index","follow":"follow","max-snippet":"max-snippet:-1","max-image-preview":"max-image-preview:large","max-video-preview":"max-video-preview:-1"},"canonical":"https:\/\/orka.law\/en\/focus-zeichnet-orka-erneut-als-top-wirtschaftskanzlei-2026-aus\/","og_locale":"en_US","og_type":"article","og_title":"| orka","og_description":"Focus zeichnet orka erneut als \u201eTop-Wirtschaftskanzlei 2026\u201c aus D\u00fcsseldorf\/Berlin, 03. September 2026 Das Focus Magazin zeichnet orka erneut als \u201eTop-Wirtschaftskanzlei\u201c aus. In den Rechtsbereichen Arbeitsrecht, Baurecht, [\u2026]","og_url":"https:\/\/orka.law\/en\/focus-zeichnet-orka-erneut-als-top-wirtschaftskanzlei-2026-aus\/","og_site_name":"orka","article_published_time":"2026-09-03T07:26:44+00:00","article_modified_time":"2026-09-03T07:32:57+00:00","og_image":[{"width":480,"height":480,"url":"https:\/\/orka.law\/wp-content\/uploads\/2024\/07\/Krohne-Dominic-480x480-1.jpg","type":"image\/webp"}],"author":"Ilayda Etiz","twitter_card":"summary_large_image","twitter_misc":{"Written by":"Ilayda Etiz","Est. reading time":"2 minutes"},"schema":{"@context":"https:\/\/schema.org","@graph":[{"@type":"Article","@id":"https:\/\/orka.law\/en\/focus-zeichnet-orka-erneut-als-top-wirtschaftskanzlei-2026-aus\/#article","isPartOf":{"@id":"https:\/\/orka.law\/en\/focus-zeichnet-orka-erneut-als-top-wirtschaftskanzlei-2026-aus\/"},"author":{"name":"Ilayda Etiz","@id":"https:\/\/orka.law\/en\/#\/schema\/person\/35fd28a0e3c68dd8f4e0945ff46ca0dd"},"headline":"Focus zeichnet orka erneut als \u201eTop-Wirtschaftskanzlei 2026\u201c aus","datePublished":"2026-09-03T07:26:44+00:00","dateModified":"2026-09-03T07:32:57+00:00","mainEntityOfPage":{"@id":"https:\/\/orka.law\/en\/focus-zeichnet-orka-erneut-als-top-wirtschaftskanzlei-2026-aus\/"},"wordCount":134,"commentCount":0,"publisher":{"@id":"https:\/\/orka.law\/en\/#organization"},"image":{"@id":"https:\/\/orka.law\/en\/focus-zeichnet-orka-erneut-als-top-wirtschaftskanzlei-2026-aus\/#primaryimage"},"thumbnailUrl":"https:\/\/orka.law\/wp-content\/uploads\/2024\/07\/Krohne-Dominic-480x480-1.jpg","articleSection":["News","Presse"],"inLanguage":"en-US","potentialAction":[{"@type":"CommentAction","name":"Comment","target":["https:\/\/orka.law\/en\/focus-zeichnet-orka-erneut-als-top-wirtschaftskanzlei-2026-aus\/#respond"]}]},{"@type":"WebPage","@id":"https:\/\/orka.law\/en\/focus-zeichnet-orka-erneut-als-top-wirtschaftskanzlei-2026-aus\/","url":"https:\/\/orka.law\/en\/focus-zeichnet-orka-erneut-als-top-wirtschaftskanzlei-2026-aus\/","name":"| orka","isPartOf":{"@id":"https:\/\/orka.law\/en\/#website"},"primaryImageOfPage":{"@id":"https:\/\/orka.law\/en\/focus-zeichnet-orka-erneut-als-top-wirtschaftskanzlei-2026-aus\/#primaryimage"},"image":{"@id":"https:\/\/orka.law\/en\/focus-zeichnet-orka-erneut-als-top-wirtschaftskanzlei-2026-aus\/#primaryimage"},"thumbnailUrl":"https:\/\/orka.law\/wp-content\/uploads\/2024\/07\/Krohne-Dominic-480x480-1.jpg","datePublished":"2026-09-03T07:26:44+00:00","dateModified":"2026-09-03T07:32:57+00:00","breadcrumb":{"@id":"https:\/\/orka.law\/en\/focus-zeichnet-orka-erneut-als-top-wirtschaftskanzlei-2026-aus\/#breadcrumb"},"inLanguage":"en-US","potentialAction":[{"@type":"ReadAction","target":["https:\/\/orka.law\/en\/focus-zeichnet-orka-erneut-als-top-wirtschaftskanzlei-2026-aus\/"]}]},{"@type":"ImageObject","inLanguage":"en-US","@id":"https:\/\/orka.law\/en\/focus-zeichnet-orka-erneut-als-top-wirtschaftskanzlei-2026-aus\/#primaryimage","url":"https:\/\/orka.law\/wp-content\/uploads\/2024\/07\/Krohne-Dominic-480x480-1.jpg","contentUrl":"https:\/\/orka.law\/wp-content\/uploads\/2024\/07\/Krohne-Dominic-480x480-1.jpg"},{"@type":"BreadcrumbList","@id":"https:\/\/orka.law\/en\/focus-zeichnet-orka-erneut-als-top-wirtschaftskanzlei-2026-aus\/#breadcrumb","itemListElement":[{"@type":"ListItem","position":1,"name":"Startseite","item":"https:\/\/orka.law\/en\/"},{"@type":"ListItem","position":2,"name":"Focus zeichnet orka erneut als \u201eTop-Wirtschaftskanzlei 2026\u201c aus"}]},{"@type":"WebSite","@id":"https:\/\/orka.law\/en\/#website","url":"https:\/\/orka.law\/en\/","name":"orka","description":"Partnerschaft mbB","publisher":{"@id":"https:\/\/orka.law\/en\/#organization"},"potentialAction":[{"@type":"SearchAction","target":{"@type":"EntryPoint","urlTemplate":"https:\/\/orka.law\/en\/?s={search_term_string}"},"query-input":{"@type":"PropertyValueSpecification","valueRequired":true,"valueName":"search_term_string"}}],"inLanguage":"en-US"},{"@type":"Organization","@id":"https:\/\/orka.law\/en\/#organization","name":"orka Partnerschaft mbB","alternateName":"orka","url":"https:\/\/orka.law\/en\/","logo":{"@type":"ImageObject","inLanguage":"en-US","@id":"https:\/\/orka.law\/en\/#\/schema\/logo\/image\/","url":"https:\/\/orka.law\/wp-content\/uploads\/2024\/08\/video-bg-1.webp","contentUrl":"https:\/\/orka.law\/wp-content\/uploads\/2024\/08\/video-bg-1.webp","width":1280,"height":720,"caption":"orka Partnerschaft mbB"},"image":{"@id":"https:\/\/orka.law\/en\/#\/schema\/logo\/image\/"}},{"@type":"Person","@id":"https:\/\/orka.law\/en\/#\/schema\/person\/35fd28a0e3c68dd8f4e0945ff46ca0dd","name":"Ilayda Etiz","image":{"@type":"ImageObject","inLanguage":"en-US","@id":"https:\/\/secure.gravatar.com\/avatar\/d2709ea22f1926c6ff8580ae3b61d59796ad2ae52179dd7a919fd6dffcb92ff3?s=96&d=mm&r=g","url":"https:\/\/secure.gravatar.com\/avatar\/d2709ea22f1926c6ff8580ae3b61d59796ad2ae52179dd7a919fd6dffcb92ff3?s=96&d=mm&r=g","contentUrl":"https:\/\/secure.gravatar.com\/avatar\/d2709ea22f1926c6ff8580ae3b61d59796ad2ae52179dd7a919fd6dffcb92ff3?s=96&d=mm&r=g","caption":"Ilayda Etiz"}}]}},"_links":{"self":[{"href":"https:\/\/orka.law\/en\/wp-json\/wp\/v2\/posts\/54665","targetHints":{"allow":["GET"]}}],"collection":[{"href":"https:\/\/orka.law\/en\/wp-json\/wp\/v2\/posts"}],"about":[{"href":"https:\/\/orka.law\/en\/wp-json\/wp\/v2\/types\/post"}],"author":[{"embeddable":true,"href":"https:\/\/orka.law\/en\/wp-json\/wp\/v2\/users\/11"}],"replies":[{"embeddable":true,"href":"https:\/\/orka.law\/en\/wp-json\/wp\/v2\/comments?post=54665"}],"version-history":[{"count":10,"href":"https:\/\/orka.law\/en\/wp-json\/wp\/v2\/posts\/54665\/revisions"}],"predecessor-version":[{"id":54675,"href":"https:\/\/orka.law\/en\/wp-json\/wp\/v2\/posts\/54665\/revisions\/54675"}],"wp:attachment":[{"href":"https:\/\/orka.law\/en\/wp-json\/wp\/v2\/media?parent=54665"}],"wp:term":[{"taxonomy":"category","embeddable":true,"href":"https:\/\/orka.law\/en\/wp-json\/wp\/v2\/categories?post=54665"},{"taxonomy":"post_tag","embeddable":true,"href":"https:\/\/orka.law\/en\/wp-json\/wp\/v2\/tags?post=54665"}],"curies":[{"name":"wp","href":"https:\/\/api.w.org\/{rel}","templated":true}]}}